{"id":4970,"date":"2022-07-07T11:56:09","date_gmt":"2022-07-07T09:56:09","guid":{"rendered":"https:\/\/www.vcvl.be\/site\/?p=4970"},"modified":"2022-07-07T11:56:10","modified_gmt":"2022-07-07T09:56:10","slug":"nos-prochains-grands-spectacles","status":"publish","type":"post","link":"https:\/\/www.vcvl.be\/site\/2022\/07\/07\/nos-prochains-grands-spectacles\/","title":{"rendered":"Nos prochains grands spectacles?"},"content":{"rendered":"<!-- wp:paragraph -->\n<p><strong>Vous nous posez la question\u2026 On se pr\u00e9pare pour nos prochains gros concerts !<\/strong><\/p>\n<!-- \/wp:paragraph -->\n\n<!-- wp:paragraph -->\n<p>Le covid et ses r\u00e8gles ont compliqu\u00e9 la vie de notre chorale. Chanter \u00e0 80, ce n'\u00e9tait pas safe... Depuis quelques mois, on a repris le chemin de la salle et on a recommenc\u00e9 \u00e0 chanter normalement. Un vrai bonheur!<\/p>\n<!-- \/wp:paragraph -->\n\n<!-- wp:paragraph -->\n<p>Nos prochains grands concerts auront lieu en juin 2023. Vous pouvez d\u00e9j\u00e0 bloquer les<strong> week-ends du 10 et du 17 juin<\/strong>. D\u00e8s qu'on a plus de pr\u00e9cisions, on vous tient inform\u00e9s. <\/p>\n<!-- \/wp:paragraph -->\n\n<!-- wp:paragraph -->\n<p>D'ici-l\u00e0, on vous pr\u00e9pare l'une ou l'autre surprise... Et on prend le temps de vous concocter un spectacle magnifique!<\/p>\n<!-- \/wp:paragraph -->","protected":false},"excerpt":{"rendered":"<p>Vous nous posez la question&#8230; On se pr\u00e9pare pour nos prochains gros concerts !<\/p>\n","protected":false},"author":4,"featured_media":4971,"comment_status":"open","ping_status":"open","sticky":false,"template":"","format":"standard","meta":{"footnotes":""},"categories":[23],"tags":[],"aioseo_notices":[],"_links":{"self":[{"href":"https:\/\/www.vcvl.be\/site\/wp-json\/wp\/v2\/posts\/4970"}],"collection":[{"href":"https:\/\/www.vcvl.be\/site\/wp-json\/wp\/v2\/posts"}],"about":[{"href":"https:\/\/www.vcvl.be\/site\/wp-json\/wp\/v2\/types\/post"}],"author":[{"embeddable":true,"href":"https:\/\/www.vcvl.be\/site\/wp-json\/wp\/v2\/users\/4"}],"replies":[{"embeddable":true,"href":"https:\/\/www.vcvl.be\/site\/wp-json\/wp\/v2\/comments?post=4970"}],"version-history":[{"count":3,"href":"https:\/\/www.vcvl.be\/site\/wp-json\/wp\/v2\/posts\/4970\/revisions"}],"predecessor-version":[{"id":4974,"href":"https:\/\/www.vcvl.be\/site\/wp-json\/wp\/v2\/posts\/4970\/revisions\/4974"}],"wp:featuredmedia":[{"embeddable":true,"href":"https:\/\/www.vcvl.be\/site\/wp-json\/wp\/v2\/media\/4971"}],"wp:attachment":[{"href":"https:\/\/www.vcvl.be\/site\/wp-json\/wp\/v2\/media?parent=4970"}],"wp:term":[{"taxonomy":"category","embeddable":true,"href":"https:\/\/www.vcvl.be\/site\/wp-json\/wp\/v2\/categories?post=4970"},{"taxonomy":"post_tag","embeddable":true,"href":"https:\/\/www.vcvl.be\/site\/wp-json\/wp\/v2\/tags?post=4970"}],"curies":[{"name":"wp","href":"https:\/\/api.w.org\/{rel}","templated":true}]}}