{"id":4985,"date":"2023-01-04T07:01:20","date_gmt":"2023-01-04T06:01:20","guid":{"rendered":"https:\/\/www.vcvl.be\/site\/?p=4985"},"modified":"2023-01-04T07:10:30","modified_gmt":"2023-01-04T06:10:30","slug":"encore-un-soir-le-premier-clip-de-voix-ci-voix-la","status":"publish","type":"post","link":"https:\/\/www.vcvl.be\/site\/2023\/01\/04\/encore-un-soir-le-premier-clip-de-voix-ci-voix-la\/","title":{"rendered":"Encore un soir, le premier clip de Voix-Ci Voix-L\u00e0"},"content":{"rendered":"<!-- wp:paragraph -->\n<p><strong>Le monde s'\u00e9tait fig\u00e9. Le temps \u00e9tait suspendu. Et les 80 choristes de Voix-Ci Voix-L\u00e0 ont r\u00eav\u00e9, avec leur cheffe Arianne Plangar, de ce clip. Ils ont pris le temps de le r\u00e9aliser dans leur jolie ville de Namur. Voici un peu de nous\u2026 <\/strong><\/p>\n<!-- \/wp:paragraph -->\n\n<!-- wp:paragraph -->\n<p>\"Encore un soir, encore une heure, encore une larme de bonheur\"... Ces mots de Jean-Jacques Goldman, \u00e9crits pour C\u00e9line Dion, refl\u00e9taient bien notre \u00e9tat d'esprit pendant cette fameuse pand\u00e9mie de covid-19. Ces mois de confinement qui suspendaient nos vies, nous avaient priv\u00e9s des concerts de nos 25 ans, et nous r\u00e9duisaient au silence et \u00e0 l'isolement physique.<\/p>\n<!-- \/wp:paragraph -->\n\n<!-- wp:paragraph -->\n<p>Cette vie au ralenti, ces moments fig\u00e9s, nous ont appris \u00e0 prendre le temps de poser un regard sur le Beau autour de nous. Et se retrouver enfin pour chanter ensemble ne nous a sembl\u00e9 que plus merveilleux encore!<\/p>\n<!-- \/wp:paragraph -->\n\n<!-- wp:paragraph -->\n<p>Voici donc \"un peu de nous\" et de notre belle ville de Namur. Et si vous souhaitez plonger avec nous dans un autre temps, pour encore un soir de concert, nous vous donnons rendez-vous les 10, 11 et 17 juin 2023 \u00e0 La Marlagne (W\u00e9pion) pour nos prochains grands spectacles !<\/p>\n<!-- \/wp:paragraph -->\n\n<!-- wp:html -->\n<p><iframe loading=\"lazy\" title=\"YouTube video player\" src=\"https:\/\/www.youtube.com\/embed\/g-ergwTUL8E\" width=\"560\" height=\"315\" frameborder=\"0\" allowfullscreen=\"allowfullscreen\"><\/iframe><\/p>\n<!-- \/wp:html -->\n\n<!-- wp:paragraph -->\n<p>Merci aux \u00e9quipes de <a href=\"https:\/\/lamarlagne.cfwb.be\/\">La Marlagne<\/a>, au <a href=\"https:\/\/www.namur.be\/fr\/loisirs\/culture\/musees\/les-bateliers\/musee-des-arts-decoratifs\">Mus\u00e9e des Arts D\u00e9coratifs de Namur<\/a>, aux <a href=\"https:\/\/www.eglise-saint-loup.be\/amis-de-st-loup\/\">amis de l'\u00e9glise Saint Loup<\/a>, au <a href=\"https:\/\/www.ledelta.be\/\">Delta <\/a>et \u00e0 la <a href=\"http:\/\/www.Namur.be\">Ville de Namur<\/a>. <\/p>\n<!-- \/wp:paragraph -->","protected":false},"excerpt":{"rendered":"<p>Le monde s&rsquo;\u00e9tait fig\u00e9. Le temps \u00e9tait suspendu. Et les 80 choristes de Voix-Ci Voix-L\u00e0 ont r\u00eav\u00e9, avec leur cheffe Arianne Plangar, de ce clip. Ils ont pris le temps de le r\u00e9aliser dans leur jolie ville de Namur. Voici un peu de nous&#8230; <\/p>\n","protected":false},"author":4,"featured_media":4986,"comment_status":"open","ping_status":"open","sticky":false,"template":"","format":"video","meta":{"footnotes":""},"categories":[23,28],"tags":[],"aioseo_notices":[],"_links":{"self":[{"href":"https:\/\/www.vcvl.be\/site\/wp-json\/wp\/v2\/posts\/4985"}],"collection":[{"href":"https:\/\/www.vcvl.be\/site\/wp-json\/wp\/v2\/posts"}],"about":[{"href":"https:\/\/www.vcvl.be\/site\/wp-json\/wp\/v2\/types\/post"}],"author":[{"embeddable":true,"href":"https:\/\/www.vcvl.be\/site\/wp-json\/wp\/v2\/users\/4"}],"replies":[{"embeddable":true,"href":"https:\/\/www.vcvl.be\/site\/wp-json\/wp\/v2\/comments?post=4985"}],"version-history":[{"count":10,"href":"https:\/\/www.vcvl.be\/site\/wp-json\/wp\/v2\/posts\/4985\/revisions"}],"predecessor-version":[{"id":4997,"href":"https:\/\/www.vcvl.be\/site\/wp-json\/wp\/v2\/posts\/4985\/revisions\/4997"}],"wp:featuredmedia":[{"embeddable":true,"href":"https:\/\/www.vcvl.be\/site\/wp-json\/wp\/v2\/media\/4986"}],"wp:attachment":[{"href":"https:\/\/www.vcvl.be\/site\/wp-json\/wp\/v2\/media?parent=4985"}],"wp:term":[{"taxonomy":"category","embeddable":true,"href":"https:\/\/www.vcvl.be\/site\/wp-json\/wp\/v2\/categories?post=4985"},{"taxonomy":"post_tag","embeddable":true,"href":"https:\/\/www.vcvl.be\/site\/wp-json\/wp\/v2\/tags?post=4985"}],"curies":[{"name":"wp","href":"https:\/\/api.w.org\/{rel}","templated":true}]}}