{"id":5009,"date":"2023-04-26T08:51:01","date_gmt":"2023-04-26T06:51:01","guid":{"rendered":"https:\/\/www.vcvl.be\/site\/?p=5009"},"modified":"2023-04-26T08:57:22","modified_gmt":"2023-04-26T06:57:22","slug":"nos-prochains-concerts-approchent","status":"publish","type":"post","link":"https:\/\/www.vcvl.be\/site\/2023\/04\/26\/nos-prochains-concerts-approchent\/","title":{"rendered":"Nos prochains concerts approchent!"},"content":{"rendered":"<!-- wp:paragraph -->\n<p>Nous sommes en route vers nos prochains concerts ! L'impatience et l'excitation montent...  <\/p>\n<!-- \/wp:paragraph -->\n\n<!-- wp:paragraph -->\n<p>Ils auront lieu \u00e0 La Marlagne le <strong>10 juin \u00e0 20h<\/strong>, le <strong>11 juin \u00e0 15h<\/strong> et le <strong>17 juin \u00e0 20h<\/strong>. <\/p>\n<!-- \/wp:paragraph -->\n\n<!-- wp:paragraph -->\n<p><strong>Les r\u00e9servations seront ouvertes le lundi 8 mai.<\/strong> Nous vous glisserons alors le lien vers la plateforme de r\u00e9servation ici. <\/p>\n<!-- \/wp:paragraph -->\n\n<!-- wp:paragraph -->\n<p>A tr\u00e8s bient\u00f4t!<\/p>\n<!-- \/wp:paragraph -->","protected":false},"excerpt":{"rendered":"<p>Nous sommes en route vers nos prochains concerts ! L&rsquo;impatience et l&rsquo;excitation montent&#8230; Ils auront lieu \u00e0 La Marlagne le 10 juin \u00e0 20h, le 11 juin \u00e0 15h et le 17 juin \u00e0 20h. Les r\u00e9servations seront ouvertes le lundi 8 mai. Nous vous glisserons alors le lien vers la plateforme de r\u00e9servation ici&#8230;.<\/p>\n<p><a rel=\"bookmark\" class=\"decibel-button-text wvc-button wvc-button-size-sm\" href=\"https:\/\/www.vcvl.be\/site\/2023\/04\/26\/nos-prochains-concerts-approchent\/\"><small class=\"wvc-button-background-fill\"><\/small><span>continuer \u00e0 lire<\/span><\/a><\/p>\n","protected":false},"author":4,"featured_media":5012,"comment_status":"open","ping_status":"open","sticky":false,"template":"","format":"standard","meta":{"footnotes":""},"categories":[23],"tags":[],"aioseo_notices":[],"_links":{"self":[{"href":"https:\/\/www.vcvl.be\/site\/wp-json\/wp\/v2\/posts\/5009"}],"collection":[{"href":"https:\/\/www.vcvl.be\/site\/wp-json\/wp\/v2\/posts"}],"about":[{"href":"https:\/\/www.vcvl.be\/site\/wp-json\/wp\/v2\/types\/post"}],"author":[{"embeddable":true,"href":"https:\/\/www.vcvl.be\/site\/wp-json\/wp\/v2\/users\/4"}],"replies":[{"embeddable":true,"href":"https:\/\/www.vcvl.be\/site\/wp-json\/wp\/v2\/comments?post=5009"}],"version-history":[{"count":4,"href":"https:\/\/www.vcvl.be\/site\/wp-json\/wp\/v2\/posts\/5009\/revisions"}],"predecessor-version":[{"id":5015,"href":"https:\/\/www.vcvl.be\/site\/wp-json\/wp\/v2\/posts\/5009\/revisions\/5015"}],"wp:featuredmedia":[{"embeddable":true,"href":"https:\/\/www.vcvl.be\/site\/wp-json\/wp\/v2\/media\/5012"}],"wp:attachment":[{"href":"https:\/\/www.vcvl.be\/site\/wp-json\/wp\/v2\/media?parent=5009"}],"wp:term":[{"taxonomy":"category","embeddable":true,"href":"https:\/\/www.vcvl.be\/site\/wp-json\/wp\/v2\/categories?post=5009"},{"taxonomy":"post_tag","embeddable":true,"href":"https:\/\/www.vcvl.be\/site\/wp-json\/wp\/v2\/tags?post=5009"}],"curies":[{"name":"wp","href":"https:\/\/api.w.org\/{rel}","templated":true}]}}