{"id":768,"date":"2013-09-20T13:00:09","date_gmt":"2013-09-20T11:00:09","guid":{"rendered":"http:\/\/www.vcvl.be\/site\/?p=768"},"modified":"2013-09-20T13:00:09","modified_gmt":"2013-09-20T11:00:09","slug":"un-trimestre-de-folie","status":"publish","type":"post","link":"https:\/\/www.vcvl.be\/site\/2013\/09\/20\/un-trimestre-de-folie\/","title":{"rendered":"Un trimestre de folie"},"content":{"rendered":"<strong>Les choristes de VCVL sont sur les starting-blocks....<\/strong>\n\n<a href=\"http:\/\/www.vcvl.be\/site\/wp-content\/uploads\/2013\/09\/images.jpg\"><img loading=\"lazy\" decoding=\"async\" class=\"alignnone size-full wp-image-769\" title=\"images\" src=\"http:\/\/www.vcvl.be\/site\/wp-content\/uploads\/2013\/09\/images.jpg\" alt=\"\" width=\"300\" height=\"168\" \/><\/a>\n\nLe matin: un bon petit-d\u00e9jeuner \u00e9quilibr\u00e9 , puis un jogging.... ensuite 2 h de stretching en vocalisant .....\n\nApr\u00e8s - midi une sieste en position du lotus, sur fond de MP3 pour \u00e9tudier les paroles des chants...\n\nEn soir\u00e9e , cours de danse avec Kamel Ouali pour se pr\u00e9parer aux chor\u00e9graphies....\n\nIls seront pr\u00eats pour aborder notre trimestre marathon !!\n\n9 octobre Bruges\n\n19 et 20 Octobre : La Marlagne\n\n26 Octobre : Florennes\n\n7 D\u00e9cembre: Dinant\n\n14 D\u00e9cembre: Bi\u00e8vre.\n\nHeureusement une bonne nouvelle vient de tomber: cette ann\u00e9e <em>No\u00ebl tombe le 25 d\u00e9cembre !!<\/em> Il pourront donc se reposer .....enfin.\n\n<a href=\"http:\/\/www.vcvl.be\/site\/wp-content\/uploads\/2013\/09\/avachi-grosse-fatigue-humour.jpg\"><img loading=\"lazy\" decoding=\"async\" class=\"alignnone size-medium wp-image-770\" title=\"avachi grosse fatigue humour\" src=\"http:\/\/www.vcvl.be\/site\/wp-content\/uploads\/2013\/09\/avachi-grosse-fatigue-humour-300x225.jpg\" alt=\"\" width=\"300\" height=\"225\" srcset=\"https:\/\/www.vcvl.be\/site\/wp-content\/uploads\/2013\/09\/avachi-grosse-fatigue-humour-300x225.jpg 300w, https:\/\/www.vcvl.be\/site\/wp-content\/uploads\/2013\/09\/avachi-grosse-fatigue-humour-600x450.jpg 600w, https:\/\/www.vcvl.be\/site\/wp-content\/uploads\/2013\/09\/avachi-grosse-fatigue-humour-768x576.jpg 768w, https:\/\/www.vcvl.be\/site\/wp-content\/uploads\/2013\/09\/avachi-grosse-fatigue-humour-1024x768.jpg 1024w, https:\/\/www.vcvl.be\/site\/wp-content\/uploads\/2013\/09\/avachi-grosse-fatigue-humour-493x370.jpg 493w, https:\/\/www.vcvl.be\/site\/wp-content\/uploads\/2013\/09\/avachi-grosse-fatigue-humour.jpg 1600w\" sizes=\"(max-width: 300px) 100vw, 300px\" \/><\/a>","protected":false},"excerpt":{"rendered":"<p>Les choristes de VCVL sont sur les starting-blocks&#8230;. Le matin: un bon petit-d\u00e9jeuner \u00e9quilibr\u00e9 , puis un jogging&#8230;. ensuite 2 h de stretching en vocalisant &#8230;.. Apr\u00e8s &#8211; midi une sieste en position du lotus, sur fond de MP3 pour \u00e9tudier les paroles des chants&#8230; En soir\u00e9e , cours de danse avec Kamel Ouali pour&#8230;<\/p>\n<p><a rel=\"bookmark\" class=\"decibel-button-text wvc-button wvc-button-size-sm\" href=\"https:\/\/www.vcvl.be\/site\/2013\/09\/20\/un-trimestre-de-folie\/\"><small class=\"wvc-button-background-fill\"><\/small><span>continuer \u00e0 lire<\/span><\/a><\/p>\n","protected":false},"author":1,"featured_media":0,"comment_status":"open","ping_status":"open","sticky":false,"template":"","format":"standard","meta":{"footnotes":""},"categories":[2],"tags":[],"aioseo_notices":[],"_links":{"self":[{"href":"https:\/\/www.vcvl.be\/site\/wp-json\/wp\/v2\/posts\/768"}],"collection":[{"href":"https:\/\/www.vcvl.be\/site\/wp-json\/wp\/v2\/posts"}],"about":[{"href":"https:\/\/www.vcvl.be\/site\/wp-json\/wp\/v2\/types\/post"}],"author":[{"embeddable":true,"href":"https:\/\/www.vcvl.be\/site\/wp-json\/wp\/v2\/users\/1"}],"replies":[{"embeddable":true,"href":"https:\/\/www.vcvl.be\/site\/wp-json\/wp\/v2\/comments?post=768"}],"version-history":[{"count":0,"href":"https:\/\/www.vcvl.be\/site\/wp-json\/wp\/v2\/posts\/768\/revisions"}],"wp:attachment":[{"href":"https:\/\/www.vcvl.be\/site\/wp-json\/wp\/v2\/media?parent=768"}],"wp:term":[{"taxonomy":"category","embeddable":true,"href":"https:\/\/www.vcvl.be\/site\/wp-json\/wp\/v2\/categories?post=768"},{"taxonomy":"post_tag","embeddable":true,"href":"https:\/\/www.vcvl.be\/site\/wp-json\/wp\/v2\/tags?post=768"}],"curies":[{"name":"wp","href":"https:\/\/api.w.org\/{rel}","templated":true}]}}