{"id":860,"date":"2014-04-14T12:13:18","date_gmt":"2014-04-14T10:13:18","guid":{"rendered":"http:\/\/www.vcvl.be\/site\/?p=860"},"modified":"2014-04-14T12:13:18","modified_gmt":"2014-04-14T10:13:18","slug":"en-route-vers-le-20eme-anniversaire","status":"publish","type":"post","link":"https:\/\/www.vcvl.be\/site\/2014\/04\/14\/en-route-vers-le-20eme-anniversaire\/","title":{"rendered":"En route vers le 20\u00e8me anniversaire &#8230;."},"content":{"rendered":"C'\u00e9tait au mois d'avril.\n\nL'envie de diriger un choeur me chatouillait , me d\u00e9mangeait, .... alors j'ai r\u00e9dig\u00e9 une petite annonce :\n\n<em>\"Chef de choeur cherche choristes . Toutes voix. R\u00e9pertoire vari\u00e9, chansons fran\u00e7aises, vari\u00e9t\u00e9 anglo-saxonne ...\"<\/em>\n\nEt mon t\u00e9l\u00e9phone a commenc\u00e9 \u00e0 sonner .\n\nA la premi\u00e8re r\u00e9p\u00e9tition dans les locaux de l'IMEP , nous \u00e9tions 16.\n\n4 sopranos, 4 altos, 4 t\u00e9nors et 4 basses.\u00a0 Un beau pr\u00e9sage ??\n\nDe cette premi\u00e8re r\u00e9p\u00e9 , 3 chantent toujours avec nous, 19 ans plus tard !\n\nNous entrons donc dans notre 20\u00e8me ann\u00e9e.\u00a0 Et \u00e7a va \u00eatre la fiesta !\n\nC'est que \u00e7a se pr\u00e9pare \u00e0 l'avance un tel \u00e9v\u00e9nement !\n\n2015 sera une ann\u00e9e de folie!\n\nSi la plupart des partitions sont encore en \u00e9bullition, certaines sont d\u00e9j\u00e0 sorties de la marmite et commencent \u00e0 prendre vie sonore .... Quelle belle aventure !\n\nNous vous pr\u00e9parons un r\u00e9pertoire d'une grande vari\u00e9t\u00e9.... en fran\u00e7ais, en anglais, en cor\u00e9en? \ud83d\ude42 Avec une mise en sc\u00e8ne d\u00e9coiffante .....\n\nMAIS IL FAUT ENCORE ATTENDRE !!\n\nHeureusement d'ici l\u00e0, de nombreuses occasions encore de nous entendre .\n\n&nbsp;\n\n&nbsp;\n\n&nbsp;","protected":false},"excerpt":{"rendered":"<p>C&rsquo;\u00e9tait au mois d&rsquo;avril. L&rsquo;envie de diriger un choeur me chatouillait , me d\u00e9mangeait, &#8230;. alors j&rsquo;ai r\u00e9dig\u00e9 une petite annonce : \u00ab\u00a0Chef de choeur cherche choristes . Toutes voix. R\u00e9pertoire vari\u00e9, chansons fran\u00e7aises, vari\u00e9t\u00e9 anglo-saxonne &#8230;\u00a0\u00bb Et mon t\u00e9l\u00e9phone a commenc\u00e9 \u00e0 sonner . A la premi\u00e8re r\u00e9p\u00e9tition dans les locaux de l&rsquo;IMEP ,&#8230;<\/p>\n<p><a rel=\"bookmark\" class=\"decibel-button-text wvc-button wvc-button-size-sm\" href=\"https:\/\/www.vcvl.be\/site\/2014\/04\/14\/en-route-vers-le-20eme-anniversaire\/\"><small class=\"wvc-button-background-fill\"><\/small><span>continuer \u00e0 lire<\/span><\/a><\/p>\n","protected":false},"author":1,"featured_media":0,"comment_status":"open","ping_status":"open","sticky":false,"template":"","format":"standard","meta":{"footnotes":""},"categories":[2],"tags":[],"aioseo_notices":[],"_links":{"self":[{"href":"https:\/\/www.vcvl.be\/site\/wp-json\/wp\/v2\/posts\/860"}],"collection":[{"href":"https:\/\/www.vcvl.be\/site\/wp-json\/wp\/v2\/posts"}],"about":[{"href":"https:\/\/www.vcvl.be\/site\/wp-json\/wp\/v2\/types\/post"}],"author":[{"embeddable":true,"href":"https:\/\/www.vcvl.be\/site\/wp-json\/wp\/v2\/users\/1"}],"replies":[{"embeddable":true,"href":"https:\/\/www.vcvl.be\/site\/wp-json\/wp\/v2\/comments?post=860"}],"version-history":[{"count":0,"href":"https:\/\/www.vcvl.be\/site\/wp-json\/wp\/v2\/posts\/860\/revisions"}],"wp:attachment":[{"href":"https:\/\/www.vcvl.be\/site\/wp-json\/wp\/v2\/media?parent=860"}],"wp:term":[{"taxonomy":"category","embeddable":true,"href":"https:\/\/www.vcvl.be\/site\/wp-json\/wp\/v2\/categories?post=860"},{"taxonomy":"post_tag","embeddable":true,"href":"https:\/\/www.vcvl.be\/site\/wp-json\/wp\/v2\/tags?post=860"}],"curies":[{"name":"wp","href":"https:\/\/api.w.org\/{rel}","templated":true}]}}