{"id":967,"date":"2015-01-20T16:19:30","date_gmt":"2015-01-20T15:19:30","guid":{"rendered":"http:\/\/www.vcvl.be\/site\/?p=967"},"modified":"2015-01-20T16:19:30","modified_gmt":"2015-01-20T15:19:30","slug":"967","status":"publish","type":"post","link":"https:\/\/www.vcvl.be\/site\/2015\/01\/20\/967\/","title":{"rendered":"HAPPY BIRTHDAY VCVL"},"content":{"rendered":"VCVL va bient\u00f4t f\u00eater ses 20 ans :\n\nDans l'esprit du \"nain de jardin qui voyage, dans Am\u00e9lie Poulain\" nous avons lanc\u00e9 depuis quelques temps le d\u00e9fi de recevoir des \"Happy birthday Voix-CiVoix-L\u00e0\" venant du monde entier . Nous ferons une grande exposition lors des concerts.\n\nC'est donc une affichette qui \"voyage\" .\n\nCe que nous cherchons :\n\n* Des gens qui se prennent en photo avec l'affichette, devant des monuments c\u00e9l\u00e8bres du monde entier (Taj Mahal, Statue de la Libert\u00e9, Muraille de Chine\u2026.<em><\/em>\n* Des autochtones qui sont pris en photo avec l'affichette dans leur milieu de vie ( un conducteur de pousse pousse, une denteli\u00e8re de Bruges, un policier Londonien\u2026..)\n* Des chorales du monde entier qui se prennent en selfie avec leur chef de choeur qui montre l'affichette !\n* Des gens connus qui posent avec l'affichette\n\n<a href=\"http:\/\/www.vcvl.be\/site\/wp-content\/uploads\/2015\/01\/HappyB-VCVL.pdf\">HappyB-VCVL<\/a>\n<a href=\"http:\/\/www.vcvl.be\/site\/wp-content\/uploads\/2015\/01\/10007391_849660578389522_7346744586723985382_n.jpg\"><img loading=\"lazy\" decoding=\"async\" class=\"alignnone size-medium wp-image-969\" title=\"10007391_849660578389522_7346744586723985382_n\" src=\"http:\/\/www.vcvl.be\/site\/wp-content\/uploads\/2015\/01\/10007391_849660578389522_7346744586723985382_n-300x208.jpg\" alt=\"\" width=\"300\" height=\"208\" \/><\/a>\n\nSi vous voulez faire partie de notre grande Exposition, ou nous aider \u00e0 l'\u00e9toffer :envoyez-nous vos photos\u00a0 sur anniversaire@vcvl.be\n\n&nbsp;\n\n&nbsp;\n\nBIENT\u00d4T\u00a0 QUELQUES EXEMPLES \ud83d\ude42","protected":false},"excerpt":{"rendered":"<p>VCVL va bient\u00f4t f\u00eater ses 20 ans : Dans l&rsquo;esprit du \u00ab\u00a0nain de jardin qui voyage, dans Am\u00e9lie Poulain\u00a0\u00bb nous avons lanc\u00e9 depuis quelques temps le d\u00e9fi de recevoir des \u00ab\u00a0Happy birthday Voix-CiVoix-L\u00e0\u00a0\u00bb venant du monde entier . Nous ferons une grande exposition lors des concerts. C&rsquo;est donc une affichette qui \u00ab\u00a0voyage\u00a0\u00bb . Ce que&#8230;<\/p>\n<p><a rel=\"bookmark\" class=\"decibel-button-text wvc-button wvc-button-size-sm\" href=\"https:\/\/www.vcvl.be\/site\/2015\/01\/20\/967\/\"><small class=\"wvc-button-background-fill\"><\/small><span>continuer \u00e0 lire<\/span><\/a><\/p>\n","protected":false},"author":1,"featured_media":0,"comment_status":"open","ping_status":"open","sticky":false,"template":"","format":"standard","meta":{"footnotes":""},"categories":[2],"tags":[],"aioseo_notices":[],"_links":{"self":[{"href":"https:\/\/www.vcvl.be\/site\/wp-json\/wp\/v2\/posts\/967"}],"collection":[{"href":"https:\/\/www.vcvl.be\/site\/wp-json\/wp\/v2\/posts"}],"about":[{"href":"https:\/\/www.vcvl.be\/site\/wp-json\/wp\/v2\/types\/post"}],"author":[{"embeddable":true,"href":"https:\/\/www.vcvl.be\/site\/wp-json\/wp\/v2\/users\/1"}],"replies":[{"embeddable":true,"href":"https:\/\/www.vcvl.be\/site\/wp-json\/wp\/v2\/comments?post=967"}],"version-history":[{"count":0,"href":"https:\/\/www.vcvl.be\/site\/wp-json\/wp\/v2\/posts\/967\/revisions"}],"wp:attachment":[{"href":"https:\/\/www.vcvl.be\/site\/wp-json\/wp\/v2\/media?parent=967"}],"wp:term":[{"taxonomy":"category","embeddable":true,"href":"https:\/\/www.vcvl.be\/site\/wp-json\/wp\/v2\/categories?post=967"},{"taxonomy":"post_tag","embeddable":true,"href":"https:\/\/www.vcvl.be\/site\/wp-json\/wp\/v2\/tags?post=967"}],"curies":[{"name":"wp","href":"https:\/\/api.w.org\/{rel}","templated":true}]}}